{"id":39170,"date":"2022-12-28T12:12:08","date_gmt":"2022-12-28T12:12:08","guid":{"rendered":"https:\/\/www.radper.com\/?p=39170"},"modified":"2025-03-11T11:05:35","modified_gmt":"2025-03-11T11:05:35","slug":"pour-une-economie-circulaire-des-materiels-industriels-radper","status":"publish","type":"post","link":"https:\/\/www.radper.com\/fr\/actualite\/pour-une-economie-circulaire-des-materiels-industriels-radper\/","title":{"rendered":"Pour une \u00e9conomie circulaire des mat\u00e9riels industriels | Radper"},"content":{"rendered":"<div class=\"wpb-content-wrapper\"><p>[vc_row][vc_column][vc_column_text woodmart_color_scheme=\u00a0\u00bbdark\u00a0\u00bb text_larger=\u00a0\u00bbno\u00a0\u00bb]<\/p>\n<h1><span style=\"font-weight: 400;color: #000000\">Favoriser les mat\u00e9riels industriels : un enjeu de l\u2019\u00e9conomie circulaire<\/span><br \/>\n<span style=\"color: #000000\"><!--more--><\/span><\/h1>\n<p><span style=\"color: #000000\"><span style=\"font-weight: 400\">Selon les donn\u00e9es de l&rsquo;\u00c9tat, le secteur de l\u2019industrie manufacturi\u00e8re &#8211; <\/span><b>industrie chimique, m\u00e9tallurgie, industrie agro-alimentaire, industrie cimenti\u00e8re et de fabrication des mat\u00e9riaux de construction<\/b><span style=\"font-weight: 400\"> &#8211; repr\u00e9sente le<\/span><b> 4eme plus gros \u00e9metteur des GES<\/b><span style=\"font-weight: 400\"> (gaz \u00e0 effet de serre) en France. Les enjeux de la <\/span><b>transition \u00e9nerg\u00e9tique et \u00e9cologique<\/b><span style=\"font-weight: 400\"> deviennent par cons\u00e9quent de grande ampleur pour les entreprises du secteur. Elles sont elles aussi contraintes de s\u2019adapter et r\u00e9pondre \u00e0 ces d\u00e9fis environnementaux. <\/span><span style=\"font-weight: 400\">Radper s\u2019engage aux c\u00f4t\u00e9s des industriels en consacrant une partie de son marketplace aux produits neufs issus de old stock, ou ayant une seconde vie<\/span> <b>afin de placer l\u2019\u00e9conomie circulaire<\/b><span style=\"font-weight: 400\"> au c\u0153ur de leur<\/span><b> strat\u00e9gie RSE<\/b><\/span><span style=\"font-weight: 400\"><span style=\"color: #000000\">.<\/span> <\/span>[\/vc_column_text][\/vc_column][\/vc_row][vc_row content_placement=\u00a0\u00bbmiddle\u00a0\u00bb][vc_column][vc_column_text css=\u00a0\u00bb.vc_custom_1672230221278{border-bottom-width: 1px !important;padding-bottom: 10px !important;border-bottom-color: rgba(119,119,119,0.17) !important;border-bottom-style: solid !important;}\u00a0\u00bb text_larger=\u00a0\u00bbno\u00a0\u00bb]<\/p>\n<h3><strong>En quoi r\u00e9utiliser du mat\u00e9riel industriel favorise-t-il l&rsquo;\u00e9conomie circulaire ?<\/strong><\/h3>\n<p>[\/vc_column_text][\/vc_column][\/vc_row][vc_row][vc_column][vc_column_text text_larger=\u00a0\u00bbno\u00a0\u00bb]<span style=\"font-weight: 400;color: #000000\">Autrefois, l\u2019industrie se basait sur un mod\u00e8le d&rsquo;\u00e9conomie lin\u00e9aire : l\u2019extraction des mati\u00e8res brutes permettait la production d\u2019un bien, son utilisation par un consommateur. En bout de circuit, le produit parvenait \u00e0 son obsolescence, programm\u00e9e ou pas, et devenait un d\u00e9chet.\u00a0\u00a0<\/span><\/p>\n<p><span style=\"font-weight: 400;color: #000000\">On rencontrait alors deux alternatives : l\u2019enfouissement ou l\u2019incin\u00e9ration, avec une possible r\u00e9cup\u00e9ration de chaleur si l\u2019on avait pens\u00e9 \u00e0 recycler cette \u00e9nergie. Ces externalit\u00e9s n\u00e9gatives ont longtemps perdur\u00e9 avant que les questions environnementales n&rsquo;investissent les diff\u00e9rents secteurs industriels.\u00a0<\/span><\/p>\n<p><span style=\"color: #000000\"><span style=\"font-weight: 400\">D\u00e9j\u00e0 enclench\u00e9e avec le plan Relance du gouvernement, la d\u00e9carbonation des entreprises est un nouveau mod\u00e8le de croissance. Face \u00e0 des objectifs de d\u00e9veloppement durable qui deviennent des pr\u00e9occupations fortes, les entreprises doivent relever de nouveaux enjeux pour diminuer leur empreinte carbone <\/span><b>:\u00a0<\/b><\/span><\/p>\n<ul>\n<li style=\"font-weight: 400\"><span style=\"font-weight: 400;color: #000000\">R\u00e9duire leurs \u00e9missions de gaz \u00e0 effet de serre ;<\/span><\/li>\n<li style=\"font-weight: 400\"><span style=\"font-weight: 400;color: #000000\">Ma\u00eetriser les co\u00fbts li\u00e9s \u00e0 l\u2019\u00e9nergie ;<\/span><\/li>\n<li style=\"font-weight: 400\"><span style=\"font-weight: 400;color: #000000\">Oeuvrer \u00e0 la pr\u00e9servation des ressources et des mati\u00e8res vierges ;\u00a0<\/span><\/li>\n<li style=\"font-weight: 400\"><span style=\"font-weight: 400;color: #000000\">Limiter, gr\u00e2ce \u00e0 ces actions, le d\u00e9r\u00e8glement climatique ;<\/span><\/li>\n<li style=\"font-weight: 400\"><span style=\"font-weight: 400;color: #000000\">Avoir un impact environnemental \u00e0 valeur ajout\u00e9e.<\/span><\/li>\n<\/ul>\n<p><span style=\"font-weight: 400;color: #000000\">L\u2019\u00e9conomie circulaire appara\u00eet donc comme un mod\u00e8le plus p\u00e9renne, consid\u00e9rant la fin de vie du produit \/ mat\u00e9riel comme une opportunit\u00e9 d\u2019une nouvelle cr\u00e9ation, comme une ressource \u00e0 r\u00e9-exploiter et \u00e0 r\u00e9injecter dans un processus. Ainsi, les services de maintenance, le r\u00e9emploi des pi\u00e8ces de mat\u00e9riel industriel partiellement d\u00e9grad\u00e9, le reconditionnement des produits ou encore le recyclage des m\u00e9taux concourent \u00e0 donner une seconde vie aux produits. Mieux encore, l\u2019\u00e9coconception permet d\u2019appr\u00e9hender le cycle de vie complet d\u2019un produit depuis sa construction jusqu\u2019\u00e0 ses possibilit\u00e9s de r\u00e9utilisation ou de recyclage futur.<\/span>[\/vc_column_text][\/vc_column][\/vc_row][vc_row content_placement=\u00a0\u00bbmiddle\u00a0\u00bb][vc_column][vc_column_text css=\u00a0\u00bb.vc_custom_1672230375131{border-bottom-width: 1px !important;padding-bottom: 10px !important;border-bottom-color: rgba(119,119,119,0.17) !important;border-bottom-style: solid !important;}\u00a0\u00bb text_larger=\u00a0\u00bbno\u00a0\u00bb]<\/p>\n<h3><strong>Reconditionner ou utiliser du mat\u00e9riel industriel neuf issu de old stock : un atout pour les entreprises<\/strong><\/h3>\n<p>[\/vc_column_text][\/vc_column][\/vc_row][vc_row][vc_column][vc_column_text text_larger=\u00a0\u00bbno\u00a0\u00bb]<span style=\"font-weight: 400;color: #000000\">Minimiser les postes de d\u00e9penses importants, renforcer sa r\u00e9activit\u00e9, engager des strat\u00e9gies innovantes et collaboratives : autant d\u2019avantages qu\u2019offre l\u2019inclusion d\u2019une \u00e9conomie circulaire dans les process industriels. <\/span><\/p>\n<p class=\"font-title\" style=\"font-style: italic;font-size: 18px;color: #4a4a4a\"><span style=\"font-weight: 400;color: #000000\">Des b\u00e9n\u00e9fices \u00e9conomiques<\/span><\/p>\n<p><span style=\"font-weight: 400;color: #000000\">Si l\u2019on consid\u00e8re que les mati\u00e8res premi\u00e8res et les composants comptent pour 40 \u00e0 60 % du co\u00fbt de base d\u2019une entreprise manufacturi\u00e8re en Europe, on comprend ais\u00e9ment quel b\u00e9n\u00e9fice financier l\u2019on peut tirer d\u2019une boucle circulaire et vertueuse r\u00e9duisant l\u2019achat de mati\u00e8res premi\u00e8res neuves. Les ressources primaires \u00e9tant soumises \u00e0 une finitude d\u2019approvisionnement, leur co\u00fbt varie en fonction de la demande, contrairement \u00e0 une mati\u00e8re recycl\u00e9e, source alternative \u00e0 d\u00e9velopper. Leurs tarifs, souvent comp\u00e9titifs, p\u00e8sent d\u2019autant plus en faveur de leur utilisation.<\/span><\/p>\n<p><span style=\"font-weight: 400;color: #000000\">Ce faisant, l\u2019industrie se lib\u00e8re d\u2019une relative d\u00e9pendance aux mat\u00e9riaux qui proviennent de l\u2019autre bout de la plan\u00e8te. Pourquoi aller chercher \u00e0 des milliers de kilom\u00e8tres ce qu\u2019il est possible de trouver bien plus localement en passant des fili\u00e8res de r\u00e9emploi sp\u00e9cifiques ? Dans une m\u00eame logique, les co\u00fbts de transport et l\u2019empreinte carbone associ\u00e9e diminuent consid\u00e9rablement.<\/span><\/p>\n<p><span style=\"font-weight: 400;color: #000000\">En outre, les industries peuvent tirer un b\u00e9n\u00e9fice financier par la revente ou la r\u00e9utilisation de leurs d\u00e9chets. Ainsi, la collecte de mat\u00e9riels inop\u00e9rants ou neufs inutilis\u00e9s (issue du old stock) peut constituer une source de revenus compl\u00e9mentaire.\u00a0<\/span><\/p>\n<p><span style=\"font-weight: 400;color: #000000\">R\u00e9duire les co\u00fbts de traitement et de recyclage de d\u00e9chets de l\u2019industrie en r\u00e9habilitant son mat\u00e9riel ? C\u2019est \u00e9galement un des avantages de l\u2019\u00e9conomie circulaire.<\/span>[\/vc_column_text][\/vc_column][\/vc_row][vc_row][vc_column][vc_column_text css=\u00a0\u00bb.vc_custom_1672233222658{border-bottom-width: 1px !important;padding-bottom: 10px !important;border-bottom-color: rgba(119,119,119,0.17) !important;border-bottom-style: solid !important;}\u00a0\u00bb text_larger=\u00a0\u00bbno\u00a0\u00bb]<\/p>\n<h3><strong>Une meilleure r\u00e9activit\u00e9 gr\u00e2ce au mat\u00e9riel industriel neuf issu du old stock ou ayant une seconde vie<\/strong><\/h3>\n<p>[\/vc_column_text][vc_column_text text_larger=\u00a0\u00bbno\u00a0\u00bb]<span style=\"font-weight: 400;color: #000000\">Int\u00e9grer des \u00e9quipements plus vertueux, repr\u00e9sente un moyen de s\u00e9curiser un approvisionnement r\u00e9gulier et de qualit\u00e9 en minimisant les risques li\u00e9s \u00e0 des achats \u00e0 l&rsquo;international, \u00e0 leur transport et \u00e0 leur d\u00e9lai de livraison.<\/span><\/p>\n<p><span style=\"font-weight: 400;color: #000000\">Par ailleurs, la s\u00e9lection de mat\u00e9riel industriel issu de old stock ou remis \u00e0 jour augmente nettement la dur\u00e9e de vie du produit et lutte contre le gaspillage. Si vous rencontrez une panne, le remplacement d\u2019une simple pi\u00e8ce peut suffir \u00e0 relancer un fonctionnement optimal de l\u2019\u00e9quipement \u00e0 des frais limit\u00e9s.<\/span><\/p>\n<p><span style=\"font-weight: 400;color: #000000\">De nouvelles solutions en ing\u00e9nierie industrielle du recyclage des d\u00e9chets, en r\u00e9tro-ing\u00e9nierie, en maintenance, sont g\u00e9n\u00e9ratrices de nouveaux emplois locaux qualifi\u00e9s et attirent \u00e9galement de nouveaux talents. On peut consid\u00e9rer que la cr\u00e9ation d&rsquo;un poste dans les m\u00e9tiers de l\u2019enfouissement \u00e9quivaut \u00e0 quatre postes dans le recyclage. Quand l\u2019\u00e9conomie circulaire investit pleinement son r\u00f4le soci\u00e9tal\u2026<\/span>[\/vc_column_text][\/vc_column][\/vc_row][vc_row][vc_column][vc_column_text css=\u00a0\u00bb.vc_custom_1672233359936{border-bottom-width: 1px !important;padding-bottom: 10px !important;border-bottom-color: rgba(119,119,119,0.17) !important;border-bottom-style: solid !important;}\u00a0\u00bb text_larger=\u00a0\u00bbno\u00a0\u00bb]<\/p>\n<h3><strong>L\u2019\u00e9conomie circulaire, un levier pour l\u2019innovation industrielle<\/strong><\/h3>\n<p>[\/vc_column_text][vc_column_text text_larger=\u00a0\u00bbno\u00a0\u00bb]<span style=\"font-weight: 400;color: #000000\">Toujours \u00eatre en recherche d\u2019innovation constitue un atout pour l\u2019entreprise tout comme devancer les contraintes environnementales. En effet, octroyer une seconde vie \u00e0 votre mat\u00e9riel r\u00e9clame des comp\u00e9tences en reverse-engineering qui stimulent l\u2019innovation de votre entreprise.<\/span><\/p>\n<p><span style=\"font-weight: 400\"><span style=\"color: #000000\">Par ailleurs, cette r\u00e9flexion permet de r\u00e9pondre \u00e0 des r\u00e9glementations en lien avec les objectifs de transition \u00e9nerg\u00e9tique et \u00e9cologique, voire m\u00eame d\u2019anticiper de prochaines lois impactant votre secteur d\u2019activit\u00e9.<\/span> <\/span>[\/vc_column_text][\/vc_column][\/vc_row][vc_row][vc_column][vc_column_text css=\u00a0\u00bb.vc_custom_1672233524447{border-bottom-width: 1px !important;padding-bottom: 10px !important;border-bottom-color: rgba(119,119,119,0.17) !important;border-bottom-style: solid !important;}\u00a0\u00bb text_larger=\u00a0\u00bbno\u00a0\u00bb]<\/p>\n<h3><strong>Nos services pour favoriser l\u2019\u00e9conomie circulaire<\/strong><\/h3>\n<p>[\/vc_column_text][vc_column_text text_larger=\u00a0\u00bbno\u00a0\u00bb]<span style=\"color: #000000\"><span style=\"font-weight: 400\">Pour permettre<\/span><span style=\"font-weight: 400\"> le maintien en condition op\u00e9rationnelle de vos installations, Radper vous propose un large choix de mat\u00e9riel industriel et de services :\u00a0<\/span><\/span><\/p>\n<ul>\n<li><span style=\"font-weight: 400;color: #000000\">Distribution de plus de 20 000 r\u00e9f\u00e9rences des plus grandes marques ;<\/span><\/li>\n<li><span style=\"font-weight: 400;color: #000000\">R\u00e9emploi de pi\u00e8ces et de mati\u00e8res premi\u00e8res ;<\/span><\/li>\n<li><span style=\"font-weight: 400;color: #000000\">D\u00e9sassemblage et reconditionnement des produits ;<\/span><\/li>\n<li><span style=\"font-weight: 400;color: #000000\">Collecte de mat\u00e9riel industriel ;<\/span><\/li>\n<li><span style=\"font-weight: 400;color: #000000\">R\u00e9paration et maintenance ;<\/span><\/li>\n<li><span style=\"font-weight: 400;color: #000000\">Archivage de notices d\u2019installation et de raccordement et de dossiers de montage ;<\/span><\/li>\n<li><span style=\"font-weight: 400;color: #000000\">Garantie des produits pendant 2 \u00e0 4 ans selon les conditions convenues.<\/span><\/li>\n<\/ul>\n<p><span style=\"color: #000000\"><strong>Pour faciliter l&rsquo;acc\u00e8s aux produits neufs issus de old stock ou reconditionn\u00e9s, nous avons veill\u00e9 \u00e0 ce que ces informations soient clairement mentionn\u00e9es, d\u2019une part, sur la photo et d\u2019autre part dans le titre et les caract\u00e9ristiques techniques du produit. Il est par ailleurs tout \u00e0 fait possible de vous aider de la barre de recherche en tapant vos mot cl\u00e9s : \u201cold stock\u201d ou \u201cseconde vie\u201d pour filtrer les r\u00e9sultats de mani\u00e8re pertinente.<\/strong><\/span>[\/vc_column_text][\/vc_column][\/vc_row]<\/p>\n<\/div>","protected":false},"excerpt":{"rendered":"<p>Face aux enjeux environnementaux, l\u2019industrie doit se r\u00e9inventer pour r\u00e9duire son empreinte carbone et pr\u00e9server les ressources. Radper se positionne en acteur cl\u00e9 de cette transition en offrant des \u00e9quipements industriels neufs issus de stocks exc\u00e9dentaires ou ayant une seconde vie. Cela permet non seulement de diminuer les co\u00fbts et les risques li\u00e9s \u00e0 l\u2019approvisionnement, mais aussi de participer activement \u00e0 la pr\u00e9servation de l\u2019environnement. D\u00e9couvrez comment l\u2019\u00e9conomie circulaire peut transformer votre entreprise en alliant \u00e9conomies, r\u00e9activit\u00e9 et innovation.<\/p>\n","protected":false},"author":58,"featured_media":39184,"comment_status":"closed","ping_status":"closed","sticky":false,"template":"","format":"standard","meta":{"_acf_changed":false,"footnotes":""},"categories":[13817],"tags":[13824],"class_list":["post-39170","post","type-post","status-publish","format-standard","has-post-thumbnail","hentry","category-tendances-du-secteur","tag-materiel-industriel"],"acf":[],"yoast_head":"<!-- This site is optimized with the Yoast SEO plugin v26.2 - https:\/\/yoast.com\/wordpress\/plugins\/seo\/ -->\n<title>Pour une \u00e9conomie circulaire des mat\u00e9riels industriels | Radper - Radper<\/title>\n<meta name=\"robots\" content=\"index, follow, max-snippet:-1, max-image-preview:large, max-video-preview:-1\" \/>\n<link rel=\"canonical\" href=\"https:\/\/www.radper.com\/fr\/actualite\/pour-une-economie-circulaire-des-materiels-industriels-radper\/\" \/>\n<meta property=\"og:locale\" content=\"fr_FR\" \/>\n<meta property=\"og:type\" content=\"article\" \/>\n<meta property=\"og:title\" content=\"Pour une \u00e9conomie circulaire des mat\u00e9riels industriels | Radper - Radper\" \/>\n<meta property=\"og:description\" content=\"Face aux enjeux environnementaux, l\u2019industrie doit se r\u00e9inventer pour r\u00e9duire son empreinte carbone et pr\u00e9server les ressources. Radper se positionne en acteur cl\u00e9 de cette transition en offrant des \u00e9quipements industriels neufs issus de stocks exc\u00e9dentaires ou ayant une seconde vie. Cela permet non seulement de diminuer les co\u00fbts et les risques li\u00e9s \u00e0 l\u2019approvisionnement, mais aussi de participer activement \u00e0 la pr\u00e9servation de l\u2019environnement. D\u00e9couvrez comment l\u2019\u00e9conomie circulaire peut transformer votre entreprise en alliant \u00e9conomies, r\u00e9activit\u00e9 et innovation.\" \/>\n<meta property=\"og:url\" content=\"https:\/\/www.radper.com\/fr\/actualite\/pour-une-economie-circulaire-des-materiels-industriels-radper\/\" \/>\n<meta property=\"og:site_name\" content=\"Radper\" \/>\n<meta property=\"article:published_time\" content=\"2022-12-28T12:12:08+00:00\" \/>\n<meta property=\"article:modified_time\" content=\"2025-03-11T11:05:35+00:00\" \/>\n<meta property=\"og:image\" content=\"https:\/\/www.radper.com\/wp-content\/uploads\/2022\/12\/economie-cerculaire.png\" \/>\n\t<meta property=\"og:image:width\" content=\"1080\" \/>\n\t<meta property=\"og:image:height\" content=\"700\" \/>\n\t<meta property=\"og:image:type\" content=\"image\/png\" \/>\n<meta name=\"author\" content=\"groupabm.com\" \/>\n<meta name=\"twitter:card\" content=\"summary_large_image\" \/>\n<meta name=\"twitter:label1\" content=\"\u00c9crit par\" \/>\n\t<meta name=\"twitter:data1\" content=\"groupabm.com\" \/>\n\t<meta name=\"twitter:label2\" content=\"Dur\u00e9e de lecture estim\u00e9e\" \/>\n\t<meta name=\"twitter:data2\" content=\"7 minutes\" \/>\n<script type=\"application\/ld+json\" class=\"yoast-schema-graph\">{\"@context\":\"https:\/\/schema.org\",\"@graph\":[{\"@type\":\"Article\",\"@id\":\"https:\/\/www.radper.com\/fr\/actualite\/pour-une-economie-circulaire-des-materiels-industriels-radper\/#article\",\"isPartOf\":{\"@id\":\"https:\/\/www.radper.com\/fr\/actualite\/pour-une-economie-circulaire-des-materiels-industriels-radper\/\"},\"author\":{\"name\":\"groupabm.com\",\"@id\":\"https:\/\/www.radper.com\/fr\/#\/schema\/person\/6da1750a0c2856f4621d0bb0337bf06e\"},\"headline\":\"Pour une \u00e9conomie circulaire des mat\u00e9riels industriels | Radper\",\"datePublished\":\"2022-12-28T12:12:08+00:00\",\"dateModified\":\"2025-03-11T11:05:35+00:00\",\"mainEntityOfPage\":{\"@id\":\"https:\/\/www.radper.com\/fr\/actualite\/pour-une-economie-circulaire-des-materiels-industriels-radper\/\"},\"wordCount\":1446,\"publisher\":{\"@id\":\"https:\/\/www.radper.com\/fr\/#organization\"},\"image\":{\"@id\":\"https:\/\/www.radper.com\/fr\/actualite\/pour-une-economie-circulaire-des-materiels-industriels-radper\/#primaryimage\"},\"thumbnailUrl\":\"https:\/\/www.radper.com\/wp-content\/uploads\/2022\/12\/economie-cerculaire.png\",\"keywords\":[\"Mat\u00e9riel Industriel\"],\"articleSection\":[\"Tendances du secteur\"],\"inLanguage\":\"fr-FR\"},{\"@type\":\"WebPage\",\"@id\":\"https:\/\/www.radper.com\/fr\/actualite\/pour-une-economie-circulaire-des-materiels-industriels-radper\/\",\"url\":\"https:\/\/www.radper.com\/fr\/actualite\/pour-une-economie-circulaire-des-materiels-industriels-radper\/\",\"name\":\"Pour une \u00e9conomie circulaire des mat\u00e9riels industriels | Radper - Radper\",\"isPartOf\":{\"@id\":\"https:\/\/www.radper.com\/fr\/#website\"},\"primaryImageOfPage\":{\"@id\":\"https:\/\/www.radper.com\/fr\/actualite\/pour-une-economie-circulaire-des-materiels-industriels-radper\/#primaryimage\"},\"image\":{\"@id\":\"https:\/\/www.radper.com\/fr\/actualite\/pour-une-economie-circulaire-des-materiels-industriels-radper\/#primaryimage\"},\"thumbnailUrl\":\"https:\/\/www.radper.com\/wp-content\/uploads\/2022\/12\/economie-cerculaire.png\",\"datePublished\":\"2022-12-28T12:12:08+00:00\",\"dateModified\":\"2025-03-11T11:05:35+00:00\",\"breadcrumb\":{\"@id\":\"https:\/\/www.radper.com\/fr\/actualite\/pour-une-economie-circulaire-des-materiels-industriels-radper\/#breadcrumb\"},\"inLanguage\":\"fr-FR\",\"potentialAction\":[{\"@type\":\"ReadAction\",\"target\":[\"https:\/\/www.radper.com\/fr\/actualite\/pour-une-economie-circulaire-des-materiels-industriels-radper\/\"]}]},{\"@type\":\"ImageObject\",\"inLanguage\":\"fr-FR\",\"@id\":\"https:\/\/www.radper.com\/fr\/actualite\/pour-une-economie-circulaire-des-materiels-industriels-radper\/#primaryimage\",\"url\":\"https:\/\/www.radper.com\/wp-content\/uploads\/2022\/12\/economie-cerculaire.png\",\"contentUrl\":\"https:\/\/www.radper.com\/wp-content\/uploads\/2022\/12\/economie-cerculaire.png\",\"width\":1080,\"height\":700},{\"@type\":\"BreadcrumbList\",\"@id\":\"https:\/\/www.radper.com\/fr\/actualite\/pour-une-economie-circulaire-des-materiels-industriels-radper\/#breadcrumb\",\"itemListElement\":[{\"@type\":\"ListItem\",\"position\":1,\"name\":\"Accueil\",\"item\":\"https:\/\/www.radper.com\/fr\/\"},{\"@type\":\"ListItem\",\"position\":2,\"name\":\"Pour une \u00e9conomie circulaire des mat\u00e9riels industriels | Radper\"}]},{\"@type\":\"WebSite\",\"@id\":\"https:\/\/www.radper.com\/fr\/#website\",\"url\":\"https:\/\/www.radper.com\/fr\/\",\"name\":\"Radper\",\"description\":\"\",\"publisher\":{\"@id\":\"https:\/\/www.radper.com\/fr\/#organization\"},\"potentialAction\":[{\"@type\":\"SearchAction\",\"target\":{\"@type\":\"EntryPoint\",\"urlTemplate\":\"https:\/\/www.radper.com\/fr\/?s={search_term_string}\"},\"query-input\":{\"@type\":\"PropertyValueSpecification\",\"valueRequired\":true,\"valueName\":\"search_term_string\"}}],\"inLanguage\":\"fr-FR\"},{\"@type\":\"Organization\",\"@id\":\"https:\/\/www.radper.com\/fr\/#organization\",\"name\":\"radper\",\"url\":\"https:\/\/www.radper.com\/fr\/\",\"logo\":{\"@type\":\"ImageObject\",\"inLanguage\":\"fr-FR\",\"@id\":\"https:\/\/www.radper.com\/fr\/#\/schema\/logo\/image\/\",\"url\":\"https:\/\/radper.com\/wp-content\/uploads\/2021\/04\/logo-wide-11.png\",\"contentUrl\":\"https:\/\/radper.com\/wp-content\/uploads\/2021\/04\/logo-wide-11.png\",\"width\":250,\"height\":110,\"caption\":\"radper\"},\"image\":{\"@id\":\"https:\/\/www.radper.com\/fr\/#\/schema\/logo\/image\/\"}},{\"@type\":\"Person\",\"@id\":\"https:\/\/www.radper.com\/fr\/#\/schema\/person\/6da1750a0c2856f4621d0bb0337bf06e\",\"name\":\"groupabm.com\",\"image\":{\"@type\":\"ImageObject\",\"inLanguage\":\"fr-FR\",\"@id\":\"https:\/\/www.radper.com\/fr\/#\/schema\/person\/image\/\",\"url\":\"https:\/\/secure.gravatar.com\/avatar\/ae4be79385461286b59d70e8f08ca1cf74d290ccc1d6178ceb670ab1ef3e7aa9?s=96&d=mm&r=g\",\"contentUrl\":\"https:\/\/secure.gravatar.com\/avatar\/ae4be79385461286b59d70e8f08ca1cf74d290ccc1d6178ceb670ab1ef3e7aa9?s=96&d=mm&r=g\",\"caption\":\"groupabm.com\"},\"url\":\"https:\/\/www.radper.com\/fr\/author\/groupabm-com\/\"}]}<\/script>\n<!-- \/ Yoast SEO plugin. -->","yoast_head_json":{"title":"Pour une \u00e9conomie circulaire des mat\u00e9riels industriels | Radper - Radper","robots":{"index":"index","follow":"follow","max-snippet":"max-snippet:-1","max-image-preview":"max-image-preview:large","max-video-preview":"max-video-preview:-1"},"canonical":"https:\/\/www.radper.com\/fr\/actualite\/pour-une-economie-circulaire-des-materiels-industriels-radper\/","og_locale":"fr_FR","og_type":"article","og_title":"Pour une \u00e9conomie circulaire des mat\u00e9riels industriels | Radper - Radper","og_description":"Face aux enjeux environnementaux, l\u2019industrie doit se r\u00e9inventer pour r\u00e9duire son empreinte carbone et pr\u00e9server les ressources. Radper se positionne en acteur cl\u00e9 de cette transition en offrant des \u00e9quipements industriels neufs issus de stocks exc\u00e9dentaires ou ayant une seconde vie. Cela permet non seulement de diminuer les co\u00fbts et les risques li\u00e9s \u00e0 l\u2019approvisionnement, mais aussi de participer activement \u00e0 la pr\u00e9servation de l\u2019environnement. D\u00e9couvrez comment l\u2019\u00e9conomie circulaire peut transformer votre entreprise en alliant \u00e9conomies, r\u00e9activit\u00e9 et innovation.","og_url":"https:\/\/www.radper.com\/fr\/actualite\/pour-une-economie-circulaire-des-materiels-industriels-radper\/","og_site_name":"Radper","article_published_time":"2022-12-28T12:12:08+00:00","article_modified_time":"2025-03-11T11:05:35+00:00","og_image":[{"width":1080,"height":700,"url":"https:\/\/www.radper.com\/wp-content\/uploads\/2022\/12\/economie-cerculaire.png","type":"image\/png"}],"author":"groupabm.com","twitter_card":"summary_large_image","twitter_misc":{"\u00c9crit par":"groupabm.com","Dur\u00e9e de lecture estim\u00e9e":"7 minutes"},"schema":{"@context":"https:\/\/schema.org","@graph":[{"@type":"Article","@id":"https:\/\/www.radper.com\/fr\/actualite\/pour-une-economie-circulaire-des-materiels-industriels-radper\/#article","isPartOf":{"@id":"https:\/\/www.radper.com\/fr\/actualite\/pour-une-economie-circulaire-des-materiels-industriels-radper\/"},"author":{"name":"groupabm.com","@id":"https:\/\/www.radper.com\/fr\/#\/schema\/person\/6da1750a0c2856f4621d0bb0337bf06e"},"headline":"Pour une \u00e9conomie circulaire des mat\u00e9riels industriels | Radper","datePublished":"2022-12-28T12:12:08+00:00","dateModified":"2025-03-11T11:05:35+00:00","mainEntityOfPage":{"@id":"https:\/\/www.radper.com\/fr\/actualite\/pour-une-economie-circulaire-des-materiels-industriels-radper\/"},"wordCount":1446,"publisher":{"@id":"https:\/\/www.radper.com\/fr\/#organization"},"image":{"@id":"https:\/\/www.radper.com\/fr\/actualite\/pour-une-economie-circulaire-des-materiels-industriels-radper\/#primaryimage"},"thumbnailUrl":"https:\/\/www.radper.com\/wp-content\/uploads\/2022\/12\/economie-cerculaire.png","keywords":["Mat\u00e9riel Industriel"],"articleSection":["Tendances du secteur"],"inLanguage":"fr-FR"},{"@type":"WebPage","@id":"https:\/\/www.radper.com\/fr\/actualite\/pour-une-economie-circulaire-des-materiels-industriels-radper\/","url":"https:\/\/www.radper.com\/fr\/actualite\/pour-une-economie-circulaire-des-materiels-industriels-radper\/","name":"Pour une \u00e9conomie circulaire des mat\u00e9riels industriels | Radper - Radper","isPartOf":{"@id":"https:\/\/www.radper.com\/fr\/#website"},"primaryImageOfPage":{"@id":"https:\/\/www.radper.com\/fr\/actualite\/pour-une-economie-circulaire-des-materiels-industriels-radper\/#primaryimage"},"image":{"@id":"https:\/\/www.radper.com\/fr\/actualite\/pour-une-economie-circulaire-des-materiels-industriels-radper\/#primaryimage"},"thumbnailUrl":"https:\/\/www.radper.com\/wp-content\/uploads\/2022\/12\/economie-cerculaire.png","datePublished":"2022-12-28T12:12:08+00:00","dateModified":"2025-03-11T11:05:35+00:00","breadcrumb":{"@id":"https:\/\/www.radper.com\/fr\/actualite\/pour-une-economie-circulaire-des-materiels-industriels-radper\/#breadcrumb"},"inLanguage":"fr-FR","potentialAction":[{"@type":"ReadAction","target":["https:\/\/www.radper.com\/fr\/actualite\/pour-une-economie-circulaire-des-materiels-industriels-radper\/"]}]},{"@type":"ImageObject","inLanguage":"fr-FR","@id":"https:\/\/www.radper.com\/fr\/actualite\/pour-une-economie-circulaire-des-materiels-industriels-radper\/#primaryimage","url":"https:\/\/www.radper.com\/wp-content\/uploads\/2022\/12\/economie-cerculaire.png","contentUrl":"https:\/\/www.radper.com\/wp-content\/uploads\/2022\/12\/economie-cerculaire.png","width":1080,"height":700},{"@type":"BreadcrumbList","@id":"https:\/\/www.radper.com\/fr\/actualite\/pour-une-economie-circulaire-des-materiels-industriels-radper\/#breadcrumb","itemListElement":[{"@type":"ListItem","position":1,"name":"Accueil","item":"https:\/\/www.radper.com\/fr\/"},{"@type":"ListItem","position":2,"name":"Pour une \u00e9conomie circulaire des mat\u00e9riels industriels | Radper"}]},{"@type":"WebSite","@id":"https:\/\/www.radper.com\/fr\/#website","url":"https:\/\/www.radper.com\/fr\/","name":"Radper","description":"","publisher":{"@id":"https:\/\/www.radper.com\/fr\/#organization"},"potentialAction":[{"@type":"SearchAction","target":{"@type":"EntryPoint","urlTemplate":"https:\/\/www.radper.com\/fr\/?s={search_term_string}"},"query-input":{"@type":"PropertyValueSpecification","valueRequired":true,"valueName":"search_term_string"}}],"inLanguage":"fr-FR"},{"@type":"Organization","@id":"https:\/\/www.radper.com\/fr\/#organization","name":"radper","url":"https:\/\/www.radper.com\/fr\/","logo":{"@type":"ImageObject","inLanguage":"fr-FR","@id":"https:\/\/www.radper.com\/fr\/#\/schema\/logo\/image\/","url":"https:\/\/radper.com\/wp-content\/uploads\/2021\/04\/logo-wide-11.png","contentUrl":"https:\/\/radper.com\/wp-content\/uploads\/2021\/04\/logo-wide-11.png","width":250,"height":110,"caption":"radper"},"image":{"@id":"https:\/\/www.radper.com\/fr\/#\/schema\/logo\/image\/"}},{"@type":"Person","@id":"https:\/\/www.radper.com\/fr\/#\/schema\/person\/6da1750a0c2856f4621d0bb0337bf06e","name":"groupabm.com","image":{"@type":"ImageObject","inLanguage":"fr-FR","@id":"https:\/\/www.radper.com\/fr\/#\/schema\/person\/image\/","url":"https:\/\/secure.gravatar.com\/avatar\/ae4be79385461286b59d70e8f08ca1cf74d290ccc1d6178ceb670ab1ef3e7aa9?s=96&d=mm&r=g","contentUrl":"https:\/\/secure.gravatar.com\/avatar\/ae4be79385461286b59d70e8f08ca1cf74d290ccc1d6178ceb670ab1ef3e7aa9?s=96&d=mm&r=g","caption":"groupabm.com"},"url":"https:\/\/www.radper.com\/fr\/author\/groupabm-com\/"}]}},"_links":{"self":[{"href":"https:\/\/www.radper.com\/fr\/wp-json\/wp\/v2\/posts\/39170","targetHints":{"allow":["GET"]}}],"collection":[{"href":"https:\/\/www.radper.com\/fr\/wp-json\/wp\/v2\/posts"}],"about":[{"href":"https:\/\/www.radper.com\/fr\/wp-json\/wp\/v2\/types\/post"}],"author":[{"embeddable":true,"href":"https:\/\/www.radper.com\/fr\/wp-json\/wp\/v2\/users\/58"}],"replies":[{"embeddable":true,"href":"https:\/\/www.radper.com\/fr\/wp-json\/wp\/v2\/comments?post=39170"}],"version-history":[{"count":3,"href":"https:\/\/www.radper.com\/fr\/wp-json\/wp\/v2\/posts\/39170\/revisions"}],"predecessor-version":[{"id":44072,"href":"https:\/\/www.radper.com\/fr\/wp-json\/wp\/v2\/posts\/39170\/revisions\/44072"}],"wp:featuredmedia":[{"embeddable":true,"href":"https:\/\/www.radper.com\/fr\/wp-json\/wp\/v2\/media\/39184"}],"wp:attachment":[{"href":"https:\/\/www.radper.com\/fr\/wp-json\/wp\/v2\/media?parent=39170"}],"wp:term":[{"taxonomy":"category","embeddable":true,"href":"https:\/\/www.radper.com\/fr\/wp-json\/wp\/v2\/categories?post=39170"},{"taxonomy":"post_tag","embeddable":true,"href":"https:\/\/www.radper.com\/fr\/wp-json\/wp\/v2\/tags?post=39170"}],"curies":[{"name":"wp","href":"https:\/\/api.w.org\/{rel}","templated":true}]}}